{"id":4489,"date":"2025-05-07T10:36:57","date_gmt":"2025-05-07T09:36:57","guid":{"rendered":"http:\/\/gtf.hr\/?p=4489"},"modified":"2025-05-07T14:07:02","modified_gmt":"2025-05-07T13:07:02","slug":"festival-zelene-maste-u-sklopu-ashcycle-projekta","status":"publish","type":"post","link":"https:\/\/gtf.hr\/en\/festival-zelene-maste-u-sklopu-ashcycle-projekta\/","title":{"rendered":"Festival zelene ma\u0161te u sklopu AshCycle projekta"},"content":{"rendered":"<p>U utorak, 13. svibnja 2025., na Trgu dr. Franje Tu\u0111mana u Klin\u010da Selima odr\u017eat \u0107e se <strong>Festival zelene ma\u0161te<\/strong>, edukativno-zabavni doga\u0111aj namijenjen djeci i cijeloj lokalnoj zajednici. Festival se organizira u sklopu EU projekta <strong>AshCycle<\/strong>, financiranog u okviru programa Horizon Europe, koji promi\u010de integriranje otpadnih materijala u industrijske procese, gra\u0111evinsku industriju i druge sektore kroz razvoj inovativnih i ekolo\u0161ki odgovornih rje\u0161enja.<\/p>\n\n\n\n<p>Festival organizira udruga <strong>GTF-Initiative for Sustainable Growth<\/strong> u suradnji s projektnim partnerima <strong>Gra\u0111evinskim fakultetom Sveu\u010dili\u0161ta u Zagrebu<\/strong> i <strong>tvrtkom Beton Lu\u010dko<\/strong>, te uz podr\u0161ku <strong>Op\u0107ine Klin\u010da Sela<\/strong>. Vrijedan doprinos programu dat \u0107e i udruga <strong>Eduka<\/strong>, koja \u0107e provoditi niz kreativnih STEM radionica za djecu razli\u010ditih uzrasta. Sudionici radionica imat \u0107e priliku osvojiti obiteljsku ulaznicu za Aquatiku \u2013 slatkovodni akvarij u Karlovcu.<\/p>\n\n\n\n<p>Festival \u0107e se odr\u017eati na novoure\u0111enom trgu koji je ure\u0111en upravo pomo\u0107u recikliranih materijala razvijenih u sklopu projekta AshCycle, \u010dime Klin\u010da Sela postaju primjer primjene odr\u017eivih rje\u0161enja u lokalnim zajednicama.<\/p>\n\n\n\n<p>Kroz radionicu <strong>\u201eMre\u017ea odr\u017eivosti: Kako otpad postaje resurs?\u201c<\/strong>, koju provodi <strong>Gra\u0111evinski fakultet<\/strong>, te na informativnom \u0161tandu <strong>tvrtke Beton Lu\u010dko<\/strong>, posjetitelji \u0107e imati priliku saznati kako su nastali inovativni proizvodi kori\u0161teni za ure\u0111enje trga \u2013 izra\u0111eni primjenom otpadnih materijala kao vrijednih sekundarnih sirovina. Na pristupa\u010dan i interaktivan na\u010din, prikazat \u0107e se kako otpad mo\u017ee postati resurs, a teorijska znanja preto\u010diti u stvarne, odr\u017eive promjene u prostoru koji nas okru\u017euje.<\/p>\n\n\n\n<p>Uz niz radionica, posjetitelji \u0107e upoznati i dva projekta koji za cilj imaju popularizaciju znanosti me\u0111u djecom, mladima i op\u0107om populacijom: <strong>STEM EDUKAcija u Klin\u010di<\/strong> koji provodi udruga EDUKA i <strong>STEM \u010darobni svijet<\/strong> koji provodi udruga \u010carobni svijet.<\/p>\n\n\n\n<p>Festival zelene ma\u0161te odr\u017eava se od 11 do 15 sati, a ulaz je slobodan za sve posjetitelje. Broj mjesta na radionicama je ograni\u010den, a prijava je mogu\u0107a putem poveznice: <a href=\"https:\/\/forms.gle\/coLqcCHUeWYCgmCS9\">https:\/\/forms.gle\/coLqcCHUeWYCgmCS9<\/a>.<\/p>\n\n\n<div class=\"wp-block-image\">\n<figure class=\"aligncenter size-full\"><img fetchpriority=\"high\" decoding=\"async\" width=\"567\" height=\"810\" src=\"http:\/\/gtf.hr\/wp-content\/uploads\/2025\/05\/Program-photo.png\" alt=\"\" class=\"wp-image-4490\" srcset=\"https:\/\/gtf.hr\/wp-content\/uploads\/2025\/05\/Program-photo.png 567w, https:\/\/gtf.hr\/wp-content\/uploads\/2025\/05\/Program-photo-210x300.png 210w, https:\/\/gtf.hr\/wp-content\/uploads\/2025\/05\/Program-photo-8x12.png 8w\" sizes=\"(max-width: 567px) 100vw, 567px\" \/><\/figure>\n<\/div>","protected":false},"excerpt":{"rendered":"<p>U utorak, 13. svibnja 2025., na Trgu dr. Franje Tu\u0111mana u Klin\u010da Selima odr\u017eat \u0107e se Festival zelene ma\u0161te, edukativno-zabavni doga\u0111aj namijenjen djeci i cijeloj lokalnoj zajednici. Festival se organizira u sklopu EU projekta AshCycle, financiranog u okviru programa Horizon Europe, koji promi\u010de integriranje otpadnih materijala u industrijske procese, gra\u0111evinsku industriju i druge sektore kroz &#8230; <a title=\"Festival zelene ma\u0161te u sklopu AshCycle projekta\" class=\"read-more\" href=\"https:\/\/gtf.hr\/en\/festival-zelene-maste-u-sklopu-ashcycle-projekta\/\" aria-label=\"Read more about Festival zelene ma\u0161te u sklopu AshCycle projekta\">Read more<\/a><\/p>","protected":false},"author":2,"featured_media":4460,"comment_status":"closed","ping_status":"closed","sticky":false,"template":"","format":"standard","meta":{"footnotes":""},"categories":[7],"tags":[],"class_list":["post-4489","post","type-post","status-publish","format-standard","has-post-thumbnail","hentry","category-novosti"],"yoast_head":"<!-- This site is optimized with the Yoast SEO plugin v27.2 - https:\/\/yoast.com\/product\/yoast-seo-wordpress\/ -->\n<title>Festival zelene ma\u0161te u sklopu AshCycle projekta - GTF-Inicijativa za odr\u017eivi rast<\/title>\n<meta name=\"robots\" content=\"index, follow, max-snippet:-1, max-image-preview:large, max-video-preview:-1\" \/>\n<link rel=\"canonical\" href=\"https:\/\/gtf.hr\/en\/festival-zelene-maste-u-sklopu-ashcycle-projekta\/\" \/>\n<meta property=\"og:locale\" content=\"en_GB\" \/>\n<meta property=\"og:type\" content=\"article\" \/>\n<meta property=\"og:title\" content=\"Festival zelene ma\u0161te u sklopu AshCycle projekta - GTF-Inicijativa za odr\u017eivi rast\" \/>\n<meta property=\"og:description\" content=\"U utorak, 13. svibnja 2025., na Trgu dr. Franje Tu\u0111mana u Klin\u010da Selima odr\u017eat \u0107e se Festival zelene ma\u0161te, edukativno-zabavni doga\u0111aj namijenjen djeci i cijeloj lokalnoj zajednici. Festival se organizira u sklopu EU projekta AshCycle, financiranog u okviru programa Horizon Europe, koji promi\u010de integriranje otpadnih materijala u industrijske procese, gra\u0111evinsku industriju i druge sektore kroz ... Read more\" \/>\n<meta property=\"og:url\" content=\"https:\/\/gtf.hr\/en\/festival-zelene-maste-u-sklopu-ashcycle-projekta\/\" \/>\n<meta property=\"og:site_name\" content=\"GTF-Inicijativa za odr\u017eivi rast\" \/>\n<meta property=\"article:published_time\" content=\"2025-05-07T09:36:57+00:00\" \/>\n<meta property=\"article:modified_time\" content=\"2025-05-07T13:07:02+00:00\" \/>\n<meta property=\"og:image\" content=\"https:\/\/gtf.hr\/wp-content\/uploads\/2024\/09\/AshCycle_LogoCOLOR.png\" \/>\n\t<meta property=\"og:image:width\" content=\"2343\" \/>\n\t<meta property=\"og:image:height\" content=\"2343\" \/>\n\t<meta property=\"og:image:type\" content=\"image\/png\" \/>\n<meta name=\"author\" content=\"Kristina\" \/>\n<meta name=\"twitter:card\" content=\"summary_large_image\" \/>\n<meta name=\"twitter:label1\" content=\"Written by\" \/>\n\t<meta name=\"twitter:data1\" content=\"Kristina\" \/>\n\t<meta name=\"twitter:label2\" content=\"Estimated reading time\" \/>\n\t<meta name=\"twitter:data2\" content=\"2 minutes\" \/>\n<script type=\"application\/ld+json\" class=\"yoast-schema-graph\">{\"@context\":\"https:\/\/schema.org\",\"@graph\":[{\"@type\":\"Article\",\"@id\":\"https:\/\/gtf.hr\/festival-zelene-maste-u-sklopu-ashcycle-projekta\/#article\",\"isPartOf\":{\"@id\":\"https:\/\/gtf.hr\/festival-zelene-maste-u-sklopu-ashcycle-projekta\/\"},\"author\":{\"name\":\"Kristina\",\"@id\":\"https:\/\/gtf.hr\/#\/schema\/person\/7c95b962b6acec41634afa005259ae9c\"},\"headline\":\"Festival zelene ma\u0161te u sklopu AshCycle projekta\",\"datePublished\":\"2025-05-07T09:36:57+00:00\",\"dateModified\":\"2025-05-07T13:07:02+00:00\",\"mainEntityOfPage\":{\"@id\":\"https:\/\/gtf.hr\/festival-zelene-maste-u-sklopu-ashcycle-projekta\/\"},\"wordCount\":339,\"image\":{\"@id\":\"https:\/\/gtf.hr\/festival-zelene-maste-u-sklopu-ashcycle-projekta\/#primaryimage\"},\"thumbnailUrl\":\"https:\/\/gtf.hr\/wp-content\/uploads\/2024\/09\/AshCycle_LogoCOLOR.png\",\"articleSection\":[\"Novosti\"],\"inLanguage\":\"en-GB\"},{\"@type\":\"WebPage\",\"@id\":\"https:\/\/gtf.hr\/festival-zelene-maste-u-sklopu-ashcycle-projekta\/\",\"url\":\"https:\/\/gtf.hr\/festival-zelene-maste-u-sklopu-ashcycle-projekta\/\",\"name\":\"Festival zelene ma\u0161te u sklopu AshCycle projekta - GTF-Inicijativa za odr\u017eivi rast\",\"isPartOf\":{\"@id\":\"https:\/\/gtf.hr\/#website\"},\"primaryImageOfPage\":{\"@id\":\"https:\/\/gtf.hr\/festival-zelene-maste-u-sklopu-ashcycle-projekta\/#primaryimage\"},\"image\":{\"@id\":\"https:\/\/gtf.hr\/festival-zelene-maste-u-sklopu-ashcycle-projekta\/#primaryimage\"},\"thumbnailUrl\":\"https:\/\/gtf.hr\/wp-content\/uploads\/2024\/09\/AshCycle_LogoCOLOR.png\",\"datePublished\":\"2025-05-07T09:36:57+00:00\",\"dateModified\":\"2025-05-07T13:07:02+00:00\",\"author\":{\"@id\":\"https:\/\/gtf.hr\/#\/schema\/person\/7c95b962b6acec41634afa005259ae9c\"},\"breadcrumb\":{\"@id\":\"https:\/\/gtf.hr\/festival-zelene-maste-u-sklopu-ashcycle-projekta\/#breadcrumb\"},\"inLanguage\":\"en-GB\",\"potentialAction\":[{\"@type\":\"ReadAction\",\"target\":[\"https:\/\/gtf.hr\/festival-zelene-maste-u-sklopu-ashcycle-projekta\/\"]}]},{\"@type\":\"ImageObject\",\"inLanguage\":\"en-GB\",\"@id\":\"https:\/\/gtf.hr\/festival-zelene-maste-u-sklopu-ashcycle-projekta\/#primaryimage\",\"url\":\"https:\/\/gtf.hr\/wp-content\/uploads\/2024\/09\/AshCycle_LogoCOLOR.png\",\"contentUrl\":\"https:\/\/gtf.hr\/wp-content\/uploads\/2024\/09\/AshCycle_LogoCOLOR.png\",\"width\":2343,\"height\":2343},{\"@type\":\"BreadcrumbList\",\"@id\":\"https:\/\/gtf.hr\/festival-zelene-maste-u-sklopu-ashcycle-projekta\/#breadcrumb\",\"itemListElement\":[{\"@type\":\"ListItem\",\"position\":1,\"name\":\"Home\",\"item\":\"https:\/\/gtf.hr\/\"},{\"@type\":\"ListItem\",\"position\":2,\"name\":\"Festival zelene ma\u0161te u sklopu AshCycle projekta\"}]},{\"@type\":\"WebSite\",\"@id\":\"https:\/\/gtf.hr\/#website\",\"url\":\"https:\/\/gtf.hr\/\",\"name\":\"GTF-Inicijativa za odr\u017eivi rast\",\"description\":\"\",\"potentialAction\":[{\"@type\":\"SearchAction\",\"target\":{\"@type\":\"EntryPoint\",\"urlTemplate\":\"https:\/\/gtf.hr\/?s={search_term_string}\"},\"query-input\":{\"@type\":\"PropertyValueSpecification\",\"valueRequired\":true,\"valueName\":\"search_term_string\"}}],\"inLanguage\":\"en-GB\"},{\"@type\":\"Person\",\"@id\":\"https:\/\/gtf.hr\/#\/schema\/person\/7c95b962b6acec41634afa005259ae9c\",\"name\":\"Kristina\",\"image\":{\"@type\":\"ImageObject\",\"inLanguage\":\"en-GB\",\"@id\":\"https:\/\/secure.gravatar.com\/avatar\/a32ef7296811008aaa0fb1319569617f44914aacb75a68fcaffdac7660a6cdaa?s=96&d=mm&r=g\",\"url\":\"https:\/\/secure.gravatar.com\/avatar\/a32ef7296811008aaa0fb1319569617f44914aacb75a68fcaffdac7660a6cdaa?s=96&d=mm&r=g\",\"contentUrl\":\"https:\/\/secure.gravatar.com\/avatar\/a32ef7296811008aaa0fb1319569617f44914aacb75a68fcaffdac7660a6cdaa?s=96&d=mm&r=g\",\"caption\":\"Kristina\"},\"url\":\"https:\/\/gtf.hr\/en\/author\/barbara\/\"}]}<\/script>\n<!-- \/ Yoast SEO plugin. -->","yoast_head_json":{"title":"Festival zelene ma\u0161te u sklopu AshCycle projekta - GTF-Inicijativa za odr\u017eivi rast","robots":{"index":"index","follow":"follow","max-snippet":"max-snippet:-1","max-image-preview":"max-image-preview:large","max-video-preview":"max-video-preview:-1"},"canonical":"https:\/\/gtf.hr\/en\/festival-zelene-maste-u-sklopu-ashcycle-projekta\/","og_locale":"en_GB","og_type":"article","og_title":"Festival zelene ma\u0161te u sklopu AshCycle projekta - GTF-Inicijativa za odr\u017eivi rast","og_description":"U utorak, 13. svibnja 2025., na Trgu dr. Franje Tu\u0111mana u Klin\u010da Selima odr\u017eat \u0107e se Festival zelene ma\u0161te, edukativno-zabavni doga\u0111aj namijenjen djeci i cijeloj lokalnoj zajednici. Festival se organizira u sklopu EU projekta AshCycle, financiranog u okviru programa Horizon Europe, koji promi\u010de integriranje otpadnih materijala u industrijske procese, gra\u0111evinsku industriju i druge sektore kroz ... Read more","og_url":"https:\/\/gtf.hr\/en\/festival-zelene-maste-u-sklopu-ashcycle-projekta\/","og_site_name":"GTF-Inicijativa za odr\u017eivi rast","article_published_time":"2025-05-07T09:36:57+00:00","article_modified_time":"2025-05-07T13:07:02+00:00","og_image":[{"width":2343,"height":2343,"url":"https:\/\/gtf.hr\/wp-content\/uploads\/2024\/09\/AshCycle_LogoCOLOR.png","type":"image\/png"}],"author":"Kristina","twitter_card":"summary_large_image","twitter_misc":{"Written by":"Kristina","Estimated reading time":"2 minutes"},"schema":{"@context":"https:\/\/schema.org","@graph":[{"@type":"Article","@id":"https:\/\/gtf.hr\/festival-zelene-maste-u-sklopu-ashcycle-projekta\/#article","isPartOf":{"@id":"https:\/\/gtf.hr\/festival-zelene-maste-u-sklopu-ashcycle-projekta\/"},"author":{"name":"Kristina","@id":"https:\/\/gtf.hr\/#\/schema\/person\/7c95b962b6acec41634afa005259ae9c"},"headline":"Festival zelene ma\u0161te u sklopu AshCycle projekta","datePublished":"2025-05-07T09:36:57+00:00","dateModified":"2025-05-07T13:07:02+00:00","mainEntityOfPage":{"@id":"https:\/\/gtf.hr\/festival-zelene-maste-u-sklopu-ashcycle-projekta\/"},"wordCount":339,"image":{"@id":"https:\/\/gtf.hr\/festival-zelene-maste-u-sklopu-ashcycle-projekta\/#primaryimage"},"thumbnailUrl":"https:\/\/gtf.hr\/wp-content\/uploads\/2024\/09\/AshCycle_LogoCOLOR.png","articleSection":["Novosti"],"inLanguage":"en-GB"},{"@type":"WebPage","@id":"https:\/\/gtf.hr\/festival-zelene-maste-u-sklopu-ashcycle-projekta\/","url":"https:\/\/gtf.hr\/festival-zelene-maste-u-sklopu-ashcycle-projekta\/","name":"Festival zelene ma\u0161te u sklopu AshCycle projekta - GTF-Inicijativa za odr\u017eivi rast","isPartOf":{"@id":"https:\/\/gtf.hr\/#website"},"primaryImageOfPage":{"@id":"https:\/\/gtf.hr\/festival-zelene-maste-u-sklopu-ashcycle-projekta\/#primaryimage"},"image":{"@id":"https:\/\/gtf.hr\/festival-zelene-maste-u-sklopu-ashcycle-projekta\/#primaryimage"},"thumbnailUrl":"https:\/\/gtf.hr\/wp-content\/uploads\/2024\/09\/AshCycle_LogoCOLOR.png","datePublished":"2025-05-07T09:36:57+00:00","dateModified":"2025-05-07T13:07:02+00:00","author":{"@id":"https:\/\/gtf.hr\/#\/schema\/person\/7c95b962b6acec41634afa005259ae9c"},"breadcrumb":{"@id":"https:\/\/gtf.hr\/festival-zelene-maste-u-sklopu-ashcycle-projekta\/#breadcrumb"},"inLanguage":"en-GB","potentialAction":[{"@type":"ReadAction","target":["https:\/\/gtf.hr\/festival-zelene-maste-u-sklopu-ashcycle-projekta\/"]}]},{"@type":"ImageObject","inLanguage":"en-GB","@id":"https:\/\/gtf.hr\/festival-zelene-maste-u-sklopu-ashcycle-projekta\/#primaryimage","url":"https:\/\/gtf.hr\/wp-content\/uploads\/2024\/09\/AshCycle_LogoCOLOR.png","contentUrl":"https:\/\/gtf.hr\/wp-content\/uploads\/2024\/09\/AshCycle_LogoCOLOR.png","width":2343,"height":2343},{"@type":"BreadcrumbList","@id":"https:\/\/gtf.hr\/festival-zelene-maste-u-sklopu-ashcycle-projekta\/#breadcrumb","itemListElement":[{"@type":"ListItem","position":1,"name":"Home","item":"https:\/\/gtf.hr\/"},{"@type":"ListItem","position":2,"name":"Festival zelene ma\u0161te u sklopu AshCycle projekta"}]},{"@type":"WebSite","@id":"https:\/\/gtf.hr\/#website","url":"https:\/\/gtf.hr\/","name":"GTF-Initiative for Sustainable Growth","description":"","potentialAction":[{"@type":"SearchAction","target":{"@type":"EntryPoint","urlTemplate":"https:\/\/gtf.hr\/?s={search_term_string}"},"query-input":{"@type":"PropertyValueSpecification","valueRequired":true,"valueName":"search_term_string"}}],"inLanguage":"en-GB"},{"@type":"Person","@id":"https:\/\/gtf.hr\/#\/schema\/person\/7c95b962b6acec41634afa005259ae9c","name":"Kristina","image":{"@type":"ImageObject","inLanguage":"en-GB","@id":"https:\/\/secure.gravatar.com\/avatar\/a32ef7296811008aaa0fb1319569617f44914aacb75a68fcaffdac7660a6cdaa?s=96&d=mm&r=g","url":"https:\/\/secure.gravatar.com\/avatar\/a32ef7296811008aaa0fb1319569617f44914aacb75a68fcaffdac7660a6cdaa?s=96&d=mm&r=g","contentUrl":"https:\/\/secure.gravatar.com\/avatar\/a32ef7296811008aaa0fb1319569617f44914aacb75a68fcaffdac7660a6cdaa?s=96&d=mm&r=g","caption":"Kristina"},"url":"https:\/\/gtf.hr\/en\/author\/barbara\/"}]}},"_links":{"self":[{"href":"https:\/\/gtf.hr\/en\/wp-json\/wp\/v2\/posts\/4489","targetHints":{"allow":["GET"]}}],"collection":[{"href":"https:\/\/gtf.hr\/en\/wp-json\/wp\/v2\/posts"}],"about":[{"href":"https:\/\/gtf.hr\/en\/wp-json\/wp\/v2\/types\/post"}],"author":[{"embeddable":true,"href":"https:\/\/gtf.hr\/en\/wp-json\/wp\/v2\/users\/2"}],"replies":[{"embeddable":true,"href":"https:\/\/gtf.hr\/en\/wp-json\/wp\/v2\/comments?post=4489"}],"version-history":[{"count":2,"href":"https:\/\/gtf.hr\/en\/wp-json\/wp\/v2\/posts\/4489\/revisions"}],"predecessor-version":[{"id":4494,"href":"https:\/\/gtf.hr\/en\/wp-json\/wp\/v2\/posts\/4489\/revisions\/4494"}],"wp:featuredmedia":[{"embeddable":true,"href":"https:\/\/gtf.hr\/en\/wp-json\/wp\/v2\/media\/4460"}],"wp:attachment":[{"href":"https:\/\/gtf.hr\/en\/wp-json\/wp\/v2\/media?parent=4489"}],"wp:term":[{"taxonomy":"category","embeddable":true,"href":"https:\/\/gtf.hr\/en\/wp-json\/wp\/v2\/categories?post=4489"},{"taxonomy":"post_tag","embeddable":true,"href":"https:\/\/gtf.hr\/en\/wp-json\/wp\/v2\/tags?post=4489"}],"curies":[{"name":"wp","href":"https:\/\/api.w.org\/{rel}","templated":true}]}}